{"id":32298,"date":"2026-02-18T00:18:30","date_gmt":"2026-02-18T00:18:30","guid":{"rendered":"https:\/\/virabv.com\/?p=32298"},"modified":"2026-02-18T00:28:54","modified_gmt":"2026-02-18T00:28:54","slug":"cam-veranda-ile-projenizi-nasil-optimize-edersiniz-vira-bv","status":"publish","type":"post","link":"https:\/\/virabv.com\/tr\/cam-veranda-ile-projenizi-nasil-optimize-edersiniz-vira-bv\/","title":{"rendered":"Cam Veranda ile Projenizi Nas\u0131l Optimize Edersiniz? &#8211; Vira BV"},"content":{"rendered":"\n<div class=\"wp-block-rank-math-toc-block\" id=\"rank-math-toc\"><h2>Table of Contents<\/h2><nav><ol><li><a href=\"#cam-veranda-ile-bir-sonraki-projenizi-nasil-optimize-edersiniz\">Cam Veranda ile Bir Sonraki Projenizi Nas\u0131l Optimize Edersiniz?<\/a><\/li><li><a href=\"#cam-verandalar-neden-profesyonel-bayiler-icin-stratejik-bir-yatirim\">Cam Verandalar Neden Profesyonel Bayiler i\u00e7in Stratejik Bir Yat\u0131r\u0131m?<\/a><\/li><li><a href=\"#musteri-talebini-anlamak-ticari-ve-konut-uygulamalari\">M\u00fc\u015fteri Talebini Anlamak: Ticari ve Konut Uygulamalar\u0131<\/a><\/li><li><a href=\"#aluminyum-cerceve-sistemleri-dayaniklilik-aciklik-ve-yapisal-performans\">Al\u00fcminyum \u00c7er\u00e7eve Sistemleri: Dayan\u0131kl\u0131l\u0131k, A\u00e7\u0131kl\u0131k ve Yap\u0131sal Performans<\/a><\/li><li><a href=\"#cam-secim-rehberi-guvenlik-standartlari-laminasyon-ve-hava-kosullarina-dayaniklilik\">Cam Se\u00e7im Rehberi: G\u00fcvenlik Standartlar\u0131, Laminasyon ve Hava Ko\u015fullar\u0131na Dayan\u0131kl\u0131l\u0131k<\/a><ol><li><a href=\"#cam-verandalar-panjurlu-pergola-rekabetine-karsi-nasil-konumlandirilir\">Cam Verandalar, Panjurlu Pergola Rekabetine Kar\u015f\u0131 Nas\u0131l Konumland\u0131r\u0131l\u0131r?<\/a><\/li><li><a href=\"#son-kullanicilar-icin-yatirim-getirisi-gayrimenkul-degeri-enerji-verimliligi-ve-yil-boyu-kullanim\">Son Kullan\u0131c\u0131lar \u0130\u00e7in Yat\u0131r\u0131m Getirisi: Gayrimenkul De\u011feri, Enerji Verimlili\u011fi ve Y\u0131l Boyu Kullan\u0131m<\/a><\/li><\/ol><\/li><\/ol><\/nav><\/div>\n\n\n\n<h2 class=\"wp-block-heading\" id=\"cam-veranda-ile-bir-sonraki-projenizi-nasil-optimize-edersiniz\">Cam Veranda ile Bir Sonraki Projenizi Nas\u0131l Optimize Edersiniz?<strong><\/strong><\/h2>\n\n\n\n<p>\u00dcst segment d\u0131\u015f mekan ya\u015fam alanlar\u0131na olan talep, hem konut hem de ticari sekt\u00f6rlerde sezonluk bir l\u00fcksten y\u0131l boyu kullan\u0131lan bir ihtiyaca d\u00f6n\u00fc\u015ft\u00fc. Mimarlar, m\u00fcteahhitler ve uzman bayiler i\u00e7in projeye <strong>premium<\/strong> <strong>cam veranda<\/strong> entegre etmek art\u0131k sadece estetikle ilgili de\u011fil; gayrimenkul de\u011ferini ve kullan\u0131labilirli\u011fi art\u0131ran fonksiyonel bir geli\u015ftirmedir. Mod\u00fcler al\u00fcminyum sistem kullanmak, profesyonellerin s\u0131k\u0131 teknik standartlar\u0131 kar\u015f\u0131layan ve m\u00fc\u015fteri memnuniyetini maksimize eden \u00f6zel \u00e7\u00f6z\u00fcmler sunulmas\u0131n\u0131 sa\u011flar.<\/p>\n\n\n\n<p>Bu yap\u0131lar\u0131 ba\u015far\u0131yla entegre etmek, basit montaj bilgisinin \u00f6tesine ge\u00e7er; malzeme se\u00e7imi, alan y\u00f6nelimi ve uzun vadeli performansa stratejik bir yakla\u015f\u0131m gerektirir. \u0130ster bir restoran\u0131n oturma kapasitesini geni\u015fletiyor olun, ister l\u00fcks bir evi geli\u015ftiriyor olun, <a href=\"https:\/\/virabv.com\/tr\/\"><strong>Vira BV<\/strong><\/a> gibi \u00f6zel bir tedarik\u00e7iyle \u00e7al\u0131\u015fmak modern mimari m\u00fckemmelli\u011fi tan\u0131mlayan hassas \u00fcretim al\u00fcminyum \u00e7er\u00e7evelere ve g\u00fcvenlik cam\u0131na eri\u015fim sa\u011flar.<\/p>\n\n\n\n<h2 class=\"wp-block-heading\" id=\"cam-verandalar-neden-profesyonel-bayiler-icin-stratejik-bir-yatirim\"><a><\/a>Cam Verandalar Neden Profesyonel Bayiler i\u00e7in Stratejik Bir Yat\u0131r\u0131m?<\/h2>\n\n\n\n<p>\u0130n\u015faat profesyonelleri ve d\u0131\u015f mekan \u00e7\u00f6z\u00fcmleri \u00fcreten uzmanlar i\u00e7in portf\u00f6y\u00fcn\u00fcze cam veranda eklemek, ortalama proje de\u011ferini art\u0131rmak i\u00e7in \u00f6nemli bir f\u0131rsat sunar. Standart teras \u00f6rt\u00fcleri veya kuma\u015f tentelerin aksine, kal\u0131c\u0131 cam yap\u0131 daha y\u00fcksek kar marjlar\u0131 sa\u011flayan ve daha varl\u0131kl\u0131 bir m\u00fc\u015fteri kitlesini \u00e7eken kapsaml\u0131 bir kurulumdur. <strong>Vira BV<\/strong> taraf\u0131ndan tedarik edilen gibi sa\u011flam sistemler sunarak, bayiler kendilerini ge\u00e7ici g\u00f6lgelendirme \u00e7\u00f6z\u00fcmlerinden ziyade dayan\u0131kl\u0131, uzun vadeli altyap\u0131 sa\u011flay\u0131c\u0131lar\u0131 olarak konumland\u0131rabilir.<\/p>\n\n\n\n<p>B2B\u2019ye \u00f6zel \u00e7al\u0131\u015fan bir i\u015f orta\u011f\u0131yla s\u00fcreci ilerletmenin operasyonel faydalar\u0131 bayiler i\u00e7in \u00e7ok de\u011ferlidir. Stok bulunabilirli\u011fini ve h\u0131zl\u0131 teslimat s\u00fcrelerini garanti eden bir \u00fcreticiye do\u011frudan eri\u015fim, \u00f6zel cam projelerle ili\u015fkili yayg\u0131n gecikmeleri ortadan kald\u0131r\u0131r. Bu g\u00fcvenilirlik, her \u015fantiyede teknik destek ve tutarl\u0131 \u00fcr\u00fcn kalitesinin itibar\u0131n\u0131z\u0131 koruyaca\u011f\u0131n\u0131 bilerek operasyonlar\u0131n\u0131z\u0131 g\u00fcvenle \u00f6l\u00e7eklendirmenize olanak tan\u0131r.<\/p>\n\n\n\n<h2 class=\"wp-block-heading\" id=\"musteri-talebini-anlamak-ticari-ve-konut-uygulamalari\"><a><\/a>M\u00fc\u015fteri Talebini Anlamak: Ticari ve Konut Uygulamalar\u0131<\/h2>\n\n\n\n<p><a href=\"https:\/\/virabv.com\/tr\/cam-tavanli-veranda\/\">Cam veranda<\/a> kurulumu i\u00e7in talepler farkl\u0131 pazar segmentleri aras\u0131nda \u00f6nemli \u00f6l\u00e7\u00fcde farkl\u0131l\u0131k g\u00f6sterir ve bu farkl\u0131l\u0131klar\u0131 anlamak sat\u0131\u015flar\u0131 ger\u00e7ekle\u015ftirmenin anahtar\u0131d\u0131r. Konut pazar\u0131nda, ev sahipleri giderek artan bir \u015fekilde &#8220;k\u0131\u015f bah\u00e7esi&#8221; trendinden motive olur; i\u00e7 mekan oturma odas\u0131 ile bah\u00e7e aras\u0131nda kesintisiz bir ba\u011flant\u0131 ararlar. \u0130nce \u00e7izgilere ve maksimum do\u011fal \u0131\u015f\u0131\u011fa \u00f6ncelik verirler, genellikle so\u011fuk aylarda termal tampon g\u00f6revi g\u00f6ren tam kapal\u0131 bir &#8220;bah\u00e7e odas\u0131&#8221; olu\u015fturmak i\u00e7in <a href=\"https:\/\/virabv.com\/tr\/cam-surgulu-duvarlar\/\">cam s\u00fcrg\u00fcl\u00fc duvar<\/a> gibi \u00f6zellikler talep ederler.<\/p>\n\n\n\n<p>Buna kar\u015f\u0131l\u0131k, konaklama sekt\u00f6r\u00fcndeki ticari m\u00fc\u015fteriler bu yap\u0131lara Yat\u0131r\u0131m Getirisi (ROI) perspektifinden bakar. Oteller, kafeler ve restoranlar i\u00e7in <a href=\"https:\/\/virabv.com\/tr\/cam-tavanli-veranda\/\">cam veranda<\/a>, d\u0131\u015f mekan oturma alanlar\u0131n\u0131 hava ko\u015fullar\u0131na kar\u015f\u0131 koruyan ve ya\u011fmur veya r\u00fczgara bak\u0131lmaks\u0131z\u0131n alanlar\u0131n para kazanmas\u0131n\u0131 sa\u011flayan bir gelir merkezi alan\u0131 olu\u015fturur. Ticari i\u015fletmelere sunum yaparken, odak noktas\u0131 salt estetikten al\u00fcminyum profillerin dayan\u0131kl\u0131l\u0131\u011f\u0131na ve uzun operasyon saatleri i\u00e7in \u0131s\u0131tma ve ayd\u0131nlatma entegre etme becerisine kayd\u0131r\u0131lmal\u0131d\u0131r.<\/p>\n\n\n\n<h2 class=\"wp-block-heading\" id=\"aluminyum-cerceve-sistemleri-dayaniklilik-aciklik-ve-yapisal-performans\"><a><\/a>Al\u00fcminyum \u00c7er\u00e7eve Sistemleri: Dayan\u0131kl\u0131l\u0131k, A\u00e7\u0131kl\u0131k ve Yap\u0131sal Performans<\/h2>\n\n\n\n<p>Bir verandan\u0131n yap\u0131sal b\u00fct\u00fcnl\u00fc\u011f\u00fc, al\u00fcminyum ekstr\u00fczyonunun kalitesiyle belirlenir. <strong>Vira BV<\/strong>&#8216;nin sistemlerinde kullan\u0131lanlar gibi modern y\u00fcksek kaliteli al\u00fcminyum profiller, manzaray\u0131 engelleyen s\u00fctunlara ihtiya\u00e7 duymadan \u00f6nemli statik y\u00fckleri kald\u0131racak \u015fekilde tasarlanm\u0131\u015ft\u0131r. Bu malzeme se\u00e7imi, ideal g\u00fc\u00e7-a\u011f\u0131rl\u0131k oran\u0131 dengesini sunar; ah\u015fap veya uPVC alternatiflerinden \u00e7ok daha iyi \u015fekilde korozyona ve solmaya kar\u015f\u0131 diren\u00e7 g\u00f6sterir, bu da onlarca y\u0131l maruz kalma s\u00fcresince kusursuz bir g\u00f6r\u00fcn\u00fcm\u00fc korumak i\u00e7in kritik \u00f6neme sahiptir.<\/p>\n\n\n\n<p>\u00c7er\u00e7eve tasar\u0131m\u0131ndaki teknik hassasiyet, kurulum kolayl\u0131\u011f\u0131n\u0131 ve sistemin karma\u015f\u0131k alan ko\u015fullar\u0131na uyarlanabilirli\u011fini de belirler. \u00dcst\u00fcn teknolojik sistemler, montaj ekibinin zorlu duvar ba\u011flant\u0131lar\u0131n\u0131 veya engebeli araziyi a\u015fmas\u0131na olanak tan\u0131yan g\u00fc\u00e7lendirilmi\u015f oluk profilleri ve de\u011fi\u015fken e\u011fim ayarlamalar\u0131na sahiptir. Bayiler i\u00e7in geni\u015f a\u00e7\u0131kl\u0131klar\u0131 destekleyen bir sistemle (geni\u015flikte 1200 cm&#8217;ye kadar) \u00e7al\u0131\u015fmak, b\u00fcy\u00fck \u00f6l\u00e7ekli ticari teraslar veya geni\u015f konut avlular\u0131 i\u00e7in tasar\u0131m yaparken daha az s\u0131n\u0131rlama anlam\u0131na gelir.<\/p>\n\n\n\n<h2 class=\"wp-block-heading\" id=\"cam-secim-rehberi-guvenlik-standartlari-laminasyon-ve-hava-kosullarina-dayaniklilik\"><a><\/a>Cam Se\u00e7im Rehberi: G\u00fcvenlik Standartlar\u0131, Laminasyon ve Hava Ko\u015fullar\u0131na Dayan\u0131kl\u0131l\u0131k<\/h2>\n\n\n\n<p>Do\u011fru cam \u00f6zelliklerini se\u00e7mek, g\u00fcvenlik ve uyumlulu\u011fun olmazsa olmaz bir y\u00f6n\u00fcd\u00fcr. Premium bir kurulumda, tipik olarak 4.4.2 \u00f6zelli\u011fine sahip lamine g\u00fcvenlik cam\u0131 kullanmal\u0131d\u0131r (iki PVB ara katman\u0131yla birle\u015ftirilmi\u015f iki adet 4mm cam levha), bu da nadir k\u0131r\u0131lma durumunda cam par\u00e7alar\u0131n\u0131n tehlikeli bir \u015fekilde par\u00e7alanmak yerine yerinde tutulmas\u0131n\u0131 sa\u011flar. Bu standart, kar y\u00fcklerinin ve darbe direncinin birincil endi\u015fe kayna\u011f\u0131 oldu\u011fu tavan camlar\u0131 i\u00e7in \u00f6zellikle kritik \u00f6neme sahiptir.<\/p>\n\n\n\n<p>G\u00fcvenli\u011fin \u00f6tesinde, se\u00e7ilen cam t\u00fcr\u00fc a\u015fa\u011f\u0131daki alan\u0131n konforunu ve kullan\u0131labilirli\u011fini etkiler. Se\u00e7enekler maksimum \u015feffafl\u0131k i\u00e7in \u015feffaf camdan, parlama ve g\u00fcne\u015f \u0131s\u0131s\u0131 kazanc\u0131n\u0131 azaltan opak veya renkli varyasyonlara kadar uzan\u0131r. Bu \u00f6zelle\u015ftirme se\u00e7enekleri, projeyi binan\u0131n y\u00f6n\u00fcne g\u00f6re uyarlaman\u0131za olanak tan\u0131r; \u00f6rne\u011fin, &#8220;sera etkisi&#8221;ni \u00f6nlemek i\u00e7in g\u00fcneye bakan projeler i\u00e7in \u0131s\u0131 yans\u0131t\u0131c\u0131 veya renkli cam se\u00e7enekleri \u00f6nerirken, daha karanl\u0131k, kuzeye bakan alanlar i\u00e7in \u015feffaf cam\u0131 \u00f6nceliklendirebilirsiniz.<\/p>\n\n\n\n<h3 class=\"wp-block-heading\" id=\"cam-verandalar-panjurlu-pergola-rekabetine-karsi-nasil-konumlandirilir\"><a><\/a>Cam Verandalar, Panjurlu Pergola Rekabetine Kar\u015f\u0131 Nas\u0131l Konumland\u0131r\u0131l\u0131r?<\/h3>\n\n\n\n<p>Biyoklimatik panjurlu pergolalar pop\u00fclerlik kazan\u0131rken, cam verandalar belirli bir al\u0131c\u0131 segmentine hitap eden farkl\u0131 avantajlar sunmaktad\u0131r. Ba\u015fl\u0131ca ay\u0131rt edici \u00f6zellik, \u00e7at\u0131n\u0131n hava ko\u015fullar\u0131na kapal\u0131 oldu\u011fu durumlarda bile engelsiz g\u00f6ky\u00fcz\u00fc manzaras\u0131 ve do\u011fal \u0131\u015f\u0131\u011f\u0131n korunmas\u0131d\u0131r. Cam \u00e7at\u0131, opak \u00e7\u0131talar\u0131n g\u00f6rsel &#8220;a\u011f\u0131rl\u0131\u011f\u0131&#8221; olmadan d\u0131\u015f mekanda olma hissini korur ve bu da biti\u015fik i\u00e7 mekanlara g\u00fcn \u0131\u015f\u0131\u011f\u0131 giri\u015fini en \u00fcst d\u00fczeye \u00e7\u0131karmak isteyen m\u00fc\u015fteriler i\u00e7in \u00fcst\u00fcn bir se\u00e7im haline getirir.<\/p>\n\n\n\n<p>Ayr\u0131ca, cam veranda, panjurlar\u0131n mekanik kapanmas\u0131na k\u0131yasla daha etkili bir hava yal\u0131t\u0131m\u0131 sa\u011flar. <strong>Vira BV<\/strong>&#8216;nin <a href=\"https:\/\/virabv.com\/tr\/cam-surgulu-duvarlar\/\">cam s\u00fcrg\u00fcl\u00fc duvarlar\u0131<\/a> gibi aksesuarlarla birle\u015ftirildi\u011finde, veranda tamamen su ge\u00e7irmez, yal\u0131t\u0131ms\u0131z bir k\u0131\u015f bah\u00e7esine d\u00f6n\u00fc\u015ferek \u015fiddetli ya\u011fmur ve cereyana kar\u015f\u0131 daha iyi koruma sa\u011flar. \u00dcr\u00fcn\u00fc bu \u015fekilde konumland\u0131rmak, sadece bir g\u00fcne\u015flik olmaktan ziyade ger\u00e7ek bir \u00fc\u00e7 mevsim uzant\u0131s\u0131 olarak \u00e7ok y\u00f6nl\u00fcl\u00fc\u011f\u00fcn\u00fc vurgular ve tam hava korumas\u0131 arayan m\u00fc\u015fteriler i\u00e7in yat\u0131r\u0131m\u0131 maksimum d\u00fczeye \u00e7\u0131kart\u0131r.<\/p>\n\n\n\n<h3 class=\"wp-block-heading\" id=\"son-kullanicilar-icin-yatirim-getirisi-gayrimenkul-degeri-enerji-verimliligi-ve-yil-boyu-kullanim\"><a><\/a>Son Kullan\u0131c\u0131lar \u0130\u00e7in Yat\u0131r\u0131m Getirisi: Gayrimenkul De\u011feri, Enerji Verimlili\u011fi ve Y\u0131l Boyu Kullan\u0131m<\/h3>\n\n\n\n<p>Profesyonelce monte edilmi\u015f bir <strong>veranda<\/strong> sistemi, ya\u015fam tarz\u0131 iyile\u015ftirmelerinin \u00f6tesine ge\u00e7en somut finansal faydalar sa\u011flar. Konutlar i\u00e7in, kal\u0131c\u0131, y\u00fcksek kaliteli bir a\u00e7\u0131k hava ya\u015fam alan\u0131 olu\u015fturmak, kullan\u0131labilir zemin alan\u0131na ek metrekare ekleyerek piyasa de\u011ferini do\u011frudan art\u0131r\u0131r. Yap\u0131 ayn\u0131 zamanda ana bina i\u00e7in termal bir bariyer g\u00f6revi g\u00f6r\u00fcr; d\u0131\u015f duvara kar\u015f\u0131 bir hava tabakas\u0131 hapsederek, k\u0131\u015f aylar\u0131nda evden \u0131s\u0131 kayb\u0131n\u0131 azalt\u0131r ve daha d\u00fc\u015f\u00fck enerji faturalar\u0131na katk\u0131da bulunur.<\/p>\n\n\n\n<p>Ticari i\u015fletmeler i\u00e7in yat\u0131r\u0131m getirisi daha da h\u0131zl\u0131d\u0131r. Hava ko\u015fullar\u0131na dayan\u0131kl\u0131 cam bir muhafaza ile kullan\u0131labilir zemin alan\u0131n\u0131 geni\u015fletmek, i\u015fletmelerin geleneksel tu\u011fla ve har\u00e7tan yap\u0131lm\u0131\u015f bir eklentinin a\u015f\u0131r\u0131 maliyetleri ve planlama gecikmeleri olmadan kapasitelerini art\u0131rmalar\u0131na olanak tan\u0131r. Hava tahminlerinden ba\u011f\u0131ms\u0131z olarak y\u0131l boyunca misafir a\u011f\u0131rlama yetene\u011fi, yat\u0131r\u0131m\u0131n genellikle ilk birka\u00e7 i\u015fletme sezonunda kendini amorti etmesini sa\u011flar.<\/p>\n","protected":false},"excerpt":{"rendered":"<p>Cam Veranda ile Bir Sonraki Projenizi Nas\u0131l Optimize Edersiniz? \u00dcst segment d\u0131\u015f mekan ya\u015fam alanlar\u0131na olan talep, hem konut hem de ticari sekt\u00f6rlerde sezonluk bir l\u00fcksten y\u0131l boyu kullan\u0131lan bir ihtiyaca d\u00f6n\u00fc\u015ft\u00fc. Mimarlar, m\u00fcteahhitler ve uzman bayiler i\u00e7in projeye premium cam veranda entegre etmek art\u0131k sadece estetikle ilgili de\u011fil; gayrimenkul de\u011ferini ve kullan\u0131labilirli\u011fi art\u0131ran fonksiyonel [&hellip;]<\/p>\n","protected":false},"author":1,"featured_media":0,"comment_status":"open","ping_status":"open","sticky":false,"template":"","format":"standard","meta":{"inline_featured_image":false,"footnotes":""},"categories":[1],"tags":[],"class_list":["post-32298","post","type-post","status-publish","format-standard","hentry","category-ongecategoriseerd"],"_links":{"self":[{"href":"https:\/\/virabv.com\/tr\/wp-json\/wp\/v2\/posts\/32298","targetHints":{"allow":["GET"]}}],"collection":[{"href":"https:\/\/virabv.com\/tr\/wp-json\/wp\/v2\/posts"}],"about":[{"href":"https:\/\/virabv.com\/tr\/wp-json\/wp\/v2\/types\/post"}],"author":[{"embeddable":true,"href":"https:\/\/virabv.com\/tr\/wp-json\/wp\/v2\/users\/1"}],"replies":[{"embeddable":true,"href":"https:\/\/virabv.com\/tr\/wp-json\/wp\/v2\/comments?post=32298"}],"version-history":[{"count":0,"href":"https:\/\/virabv.com\/tr\/wp-json\/wp\/v2\/posts\/32298\/revisions"}],"wp:attachment":[{"href":"https:\/\/virabv.com\/tr\/wp-json\/wp\/v2\/media?parent=32298"}],"wp:term":[{"taxonomy":"category","embeddable":true,"href":"https:\/\/virabv.com\/tr\/wp-json\/wp\/v2\/categories?post=32298"},{"taxonomy":"post_tag","embeddable":true,"href":"https:\/\/virabv.com\/tr\/wp-json\/wp\/v2\/tags?post=32298"}],"curies":[{"name":"wp","href":"https:\/\/api.w.org\/{rel}","templated":true}]}}